{"id":865,"date":"2020-12-23T10:53:52","date_gmt":"2020-12-23T09:53:52","guid":{"rendered":"https:\/\/www.boz.pl\/salon-lazienek\/?p=865"},"modified":"2021-07-14T13:06:39","modified_gmt":"2021-07-14T11:06:39","slug":"okres-swiat-wielkiej-nocy","status":"publish","type":"post","link":"https:\/\/www.boz.pl\/salon-lazienek\/okres-swiat-wielkiej-nocy\/","title":{"rendered":"okres \u015bwi\u0105t wielkiej nocy"},"content":{"rendered":"<h3>Godziny otwarcia Salon\u00f3w \u0141azienek BOZ w Rzeszowie i Tarnowie, oraz Centrum Budowlanego w Rzeszowie.<\/h3>\n","protected":false},"excerpt":{"rendered":"<p>Godziny otwarcia Salon\u00f3w \u0141azienek BOZ w Rzeszowie i Tarnowie, oraz Centrum Budowlanego w Rzeszowie.<\/p>\n","protected":false},"author":7,"featured_media":974,"comment_status":"closed","ping_status":"open","sticky":false,"template":"","format":"standard","meta":{"footnotes":""},"categories":[1],"tags":[],"class_list":["post-865","post","type-post","status-publish","format-standard","has-post-thumbnail","hentry","category-aktualnosci"],"yoast_head":"<!-- This site is optimized with the Yoast SEO plugin v14.7 - https:\/\/yoast.com\/wordpress\/plugins\/seo\/ -->\n<title>Okres \u015awi\u0105t Wielkiej Nocy - Wielkanoc w Salonie \u0141azienek BOZ S.A.<\/title>\n<meta name=\"description\" content=\"Godziny otwarcia Salon\u00f3w \u0141azienek BOZ w Rzeszowie i Tarnowie, oraz Centrum Budowlanego w Rzeszowie w okresie \u015awi\u0105t Wielkiej Nocy.\" \/>\n<meta name=\"robots\" content=\"index, follow\" \/>\n<meta name=\"googlebot\" content=\"index, follow, max-snippet:-1, max-image-preview:large, max-video-preview:-1\" \/>\n<meta name=\"bingbot\" content=\"index, follow, max-snippet:-1, max-image-preview:large, max-video-preview:-1\" \/>\n<link rel=\"canonical\" href=\"https:\/\/www.boz.pl\/salon-lazienek\/okres-swiat-wielkiej-nocy\/\" \/>\n<meta property=\"og:locale\" content=\"pl_PL\" \/>\n<meta property=\"og:type\" content=\"article\" \/>\n<meta property=\"og:title\" content=\"Okres \u015awi\u0105t Wielkiej Nocy - Wielkanoc w Salonie \u0141azienek BOZ S.A.\" \/>\n<meta property=\"og:description\" content=\"Godziny otwarcia Salon\u00f3w \u0141azienek BOZ w Rzeszowie i Tarnowie, oraz Centrum Budowlanego w Rzeszowie w okresie \u015awi\u0105t Wielkiej Nocy.\" \/>\n<meta property=\"og:url\" content=\"https:\/\/www.boz.pl\/salon-lazienek\/okres-swiat-wielkiej-nocy\/\" \/>\n<meta property=\"og:site_name\" content=\"Salon \u0141azienek BOZ S.A.\" \/>\n<meta property=\"article:published_time\" content=\"2020-12-23T09:53:52+00:00\" \/>\n<meta property=\"article:modified_time\" content=\"2021-07-14T11:06:39+00:00\" \/>\n<meta property=\"og:image\" content=\"https:\/\/www.boz.pl\/salon-lazienek\/wp-content\/uploads\/sites\/2\/2020\/02\/godziny-wielkanoc-www-s\u0142.jpg\" \/>\n\t<meta property=\"og:image:width\" content=\"993\" \/>\n\t<meta property=\"og:image:height\" content=\"503\" \/>\n<meta name=\"twitter:card\" content=\"summary_large_image\" \/>\n<script type=\"application\/ld+json\" class=\"yoast-schema-graph\">{\"@context\":\"https:\/\/schema.org\",\"@graph\":[{\"@type\":\"WebSite\",\"@id\":\"https:\/\/www.boz.pl\/salon-lazienek\/#website\",\"url\":\"https:\/\/www.boz.pl\/salon-lazienek\/\",\"name\":\"Salon \\u0141azienek BOZ S.A.\",\"description\":\"Wyposa\\u017cenie \\u0142azienek\",\"potentialAction\":[{\"@type\":\"SearchAction\",\"target\":\"https:\/\/www.boz.pl\/salon-lazienek\/?s={search_term_string}\",\"query-input\":\"required name=search_term_string\"}],\"inLanguage\":\"pl-PL\"},{\"@type\":\"ImageObject\",\"@id\":\"https:\/\/www.boz.pl\/salon-lazienek\/okres-swiat-wielkiej-nocy\/#primaryimage\",\"inLanguage\":\"pl-PL\",\"url\":\"https:\/\/www.boz.pl\/salon-lazienek\/wp-content\/uploads\/sites\/2\/2020\/02\/godziny-wielkanoc-www-s\\u0142.jpg\",\"width\":993,\"height\":503},{\"@type\":\"WebPage\",\"@id\":\"https:\/\/www.boz.pl\/salon-lazienek\/okres-swiat-wielkiej-nocy\/#webpage\",\"url\":\"https:\/\/www.boz.pl\/salon-lazienek\/okres-swiat-wielkiej-nocy\/\",\"name\":\"Okres \\u015awi\\u0105t Wielkiej Nocy - Wielkanoc w Salonie \\u0141azienek BOZ S.A.\",\"isPartOf\":{\"@id\":\"https:\/\/www.boz.pl\/salon-lazienek\/#website\"},\"primaryImageOfPage\":{\"@id\":\"https:\/\/www.boz.pl\/salon-lazienek\/okres-swiat-wielkiej-nocy\/#primaryimage\"},\"datePublished\":\"2020-12-23T09:53:52+00:00\",\"dateModified\":\"2021-07-14T11:06:39+00:00\",\"author\":{\"@id\":\"https:\/\/www.boz.pl\/salon-lazienek\/#\/schema\/person\/e47fa5418a728c77e15c5763d63d66aa\"},\"description\":\"Godziny otwarcia Salon\\u00f3w \\u0141azienek BOZ w Rzeszowie i Tarnowie, oraz Centrum Budowlanego w Rzeszowie w okresie \\u015awi\\u0105t Wielkiej Nocy.\",\"inLanguage\":\"pl-PL\",\"potentialAction\":[{\"@type\":\"ReadAction\",\"target\":[\"https:\/\/www.boz.pl\/salon-lazienek\/okres-swiat-wielkiej-nocy\/\"]}]},{\"@type\":[\"Person\"],\"@id\":\"https:\/\/www.boz.pl\/salon-lazienek\/#\/schema\/person\/e47fa5418a728c77e15c5763d63d66aa\",\"name\":\"agata\",\"image\":{\"@type\":\"ImageObject\",\"@id\":\"https:\/\/www.boz.pl\/salon-lazienek\/#personlogo\",\"inLanguage\":\"pl-PL\",\"url\":\"https:\/\/secure.gravatar.com\/avatar\/61ae062c53f0b37a5f2c668bb25a89bb?s=96&d=mm&r=g\",\"caption\":\"agata\"}}]}<\/script>\n<!-- \/ Yoast SEO plugin. -->","_links":{"self":[{"href":"https:\/\/www.boz.pl\/salon-lazienek\/wp-json\/wp\/v2\/posts\/865"}],"collection":[{"href":"https:\/\/www.boz.pl\/salon-lazienek\/wp-json\/wp\/v2\/posts"}],"about":[{"href":"https:\/\/www.boz.pl\/salon-lazienek\/wp-json\/wp\/v2\/types\/post"}],"author":[{"embeddable":true,"href":"https:\/\/www.boz.pl\/salon-lazienek\/wp-json\/wp\/v2\/users\/7"}],"replies":[{"embeddable":true,"href":"https:\/\/www.boz.pl\/salon-lazienek\/wp-json\/wp\/v2\/comments?post=865"}],"version-history":[{"count":13,"href":"https:\/\/www.boz.pl\/salon-lazienek\/wp-json\/wp\/v2\/posts\/865\/revisions"}],"predecessor-version":[{"id":2043,"href":"https:\/\/www.boz.pl\/salon-lazienek\/wp-json\/wp\/v2\/posts\/865\/revisions\/2043"}],"wp:featuredmedia":[{"embeddable":true,"href":"https:\/\/www.boz.pl\/salon-lazienek\/wp-json\/wp\/v2\/media\/974"}],"wp:attachment":[{"href":"https:\/\/www.boz.pl\/salon-lazienek\/wp-json\/wp\/v2\/media?parent=865"}],"wp:term":[{"taxonomy":"category","embeddable":true,"href":"https:\/\/www.boz.pl\/salon-lazienek\/wp-json\/wp\/v2\/categories?post=865"},{"taxonomy":"post_tag","embeddable":true,"href":"https:\/\/www.boz.pl\/salon-lazienek\/wp-json\/wp\/v2\/tags?post=865"}],"curies":[{"name":"wp","href":"https:\/\/api.w.org\/{rel}","templated":true}]}}