{"id":3362,"date":"2025-12-22T11:01:06","date_gmt":"2025-12-22T10:01:06","guid":{"rendered":"https:\/\/www.boz.pl\/salon-lazienek\/?p=3362"},"modified":"2025-12-22T13:08:10","modified_gmt":"2025-12-22T12:08:10","slug":"godziny-otwarcia-salonu-lazienek-w-okresie-swiateczno-noworocznym","status":"publish","type":"post","link":"https:\/\/www.boz.pl\/salon-lazienek\/godziny-otwarcia-salonu-lazienek-w-okresie-swiateczno-noworocznym\/","title":{"rendered":"Godziny otwarcia Salonu \u0141azienek w okresie \u015bwi\u0105teczno &#8211; noworocznym"},"content":{"rendered":"<p><img loading=\"lazy\" decoding=\"async\" class=\"aligncenter size-full wp-image-4150\" src=\"https:\/\/www.boz.pl\/salon-lazienek\/wp-content\/uploads\/sites\/2\/2025\/12\/godziny-otwarcia-Boze-Narodzenie-2025-Salon-Lazienek.jpg\" alt=\"\" width=\"3520\" height=\"2364\" srcset=\"https:\/\/www.boz.pl\/salon-lazienek\/wp-content\/uploads\/sites\/2\/2025\/12\/godziny-otwarcia-Boze-Narodzenie-2025-Salon-Lazienek.jpg 3520w, https:\/\/www.boz.pl\/salon-lazienek\/wp-content\/uploads\/sites\/2\/2025\/12\/godziny-otwarcia-Boze-Narodzenie-2025-Salon-Lazienek-325x217.jpg 325w, https:\/\/www.boz.pl\/salon-lazienek\/wp-content\/uploads\/sites\/2\/2025\/12\/godziny-otwarcia-Boze-Narodzenie-2025-Salon-Lazienek-768x516.jpg 768w, https:\/\/www.boz.pl\/salon-lazienek\/wp-content\/uploads\/sites\/2\/2025\/12\/godziny-otwarcia-Boze-Narodzenie-2025-Salon-Lazienek-1536x1032.jpg 1536w, https:\/\/www.boz.pl\/salon-lazienek\/wp-content\/uploads\/sites\/2\/2025\/12\/godziny-otwarcia-Boze-Narodzenie-2025-Salon-Lazienek-2048x1375.jpg 2048w, https:\/\/www.boz.pl\/salon-lazienek\/wp-content\/uploads\/sites\/2\/2025\/12\/godziny-otwarcia-Boze-Narodzenie-2025-Salon-Lazienek-1072x720.jpg 1072w, https:\/\/www.boz.pl\/salon-lazienek\/wp-content\/uploads\/sites\/2\/2025\/12\/godziny-otwarcia-Boze-Narodzenie-2025-Salon-Lazienek-600x403.jpg 600w\" sizes=\"(max-width: 3520px) 100vw, 3520px\" \/><\/p>\n<p>&nbsp;<\/p>\n","protected":false},"excerpt":{"rendered":"<p>&nbsp;<\/p>\n","protected":false},"author":7,"featured_media":0,"comment_status":"closed","ping_status":"open","sticky":false,"template":"","format":"standard","meta":{"footnotes":""},"categories":[1],"tags":[],"class_list":["post-3362","post","type-post","status-publish","format-standard","hentry","category-aktualnosci"],"yoast_head":"<!-- This site is optimized with the Yoast SEO plugin v14.7 - https:\/\/yoast.com\/wordpress\/plugins\/seo\/ -->\n<title>Godziny otwarcia Salonu \u0141azienek w okresie \u015bwi\u0105teczno - noworocznym - Salon \u0141azienek BOZ S.A.<\/title>\n<meta name=\"robots\" content=\"index, follow\" \/>\n<meta name=\"googlebot\" content=\"index, follow, max-snippet:-1, max-image-preview:large, max-video-preview:-1\" \/>\n<meta name=\"bingbot\" content=\"index, follow, max-snippet:-1, max-image-preview:large, max-video-preview:-1\" \/>\n<link rel=\"canonical\" href=\"https:\/\/www.boz.pl\/salon-lazienek\/godziny-otwarcia-salonu-lazienek-w-okresie-swiateczno-noworocznym\/\" \/>\n<meta property=\"og:locale\" content=\"pl_PL\" \/>\n<meta property=\"og:type\" content=\"article\" \/>\n<meta property=\"og:title\" content=\"Godziny otwarcia Salonu \u0141azienek w okresie \u015bwi\u0105teczno - noworocznym - Salon \u0141azienek BOZ S.A.\" \/>\n<meta property=\"og:description\" content=\"&nbsp;\" \/>\n<meta property=\"og:url\" content=\"https:\/\/www.boz.pl\/salon-lazienek\/godziny-otwarcia-salonu-lazienek-w-okresie-swiateczno-noworocznym\/\" \/>\n<meta property=\"og:site_name\" content=\"Salon \u0141azienek BOZ S.A.\" \/>\n<meta property=\"article:published_time\" content=\"2025-12-22T10:01:06+00:00\" \/>\n<meta property=\"article:modified_time\" content=\"2025-12-22T12:08:10+00:00\" \/>\n<meta property=\"og:image\" content=\"https:\/\/www.boz.pl\/salon-lazienek\/wp-content\/uploads\/sites\/2\/2025\/12\/godziny-otwarcia-Boze-Narodzenie-2025-Salon-Lazienek.jpg\" \/>\n<meta name=\"twitter:card\" content=\"summary_large_image\" \/>\n<script type=\"application\/ld+json\" class=\"yoast-schema-graph\">{\"@context\":\"https:\/\/schema.org\",\"@graph\":[{\"@type\":\"WebSite\",\"@id\":\"https:\/\/www.boz.pl\/salon-lazienek\/#website\",\"url\":\"https:\/\/www.boz.pl\/salon-lazienek\/\",\"name\":\"Salon \\u0141azienek BOZ S.A.\",\"description\":\"Wyposa\\u017cenie \\u0142azienek\",\"potentialAction\":[{\"@type\":\"SearchAction\",\"target\":\"https:\/\/www.boz.pl\/salon-lazienek\/?s={search_term_string}\",\"query-input\":\"required name=search_term_string\"}],\"inLanguage\":\"pl-PL\"},{\"@type\":\"ImageObject\",\"@id\":\"https:\/\/www.boz.pl\/salon-lazienek\/godziny-otwarcia-salonu-lazienek-w-okresie-swiateczno-noworocznym\/#primaryimage\",\"inLanguage\":\"pl-PL\",\"url\":\"https:\/\/www.boz.pl\/salon-lazienek\/wp-content\/uploads\/sites\/2\/2025\/12\/godziny-otwarcia-Boze-Narodzenie-2025-Salon-Lazienek.jpg\",\"width\":3520,\"height\":2364},{\"@type\":\"WebPage\",\"@id\":\"https:\/\/www.boz.pl\/salon-lazienek\/godziny-otwarcia-salonu-lazienek-w-okresie-swiateczno-noworocznym\/#webpage\",\"url\":\"https:\/\/www.boz.pl\/salon-lazienek\/godziny-otwarcia-salonu-lazienek-w-okresie-swiateczno-noworocznym\/\",\"name\":\"Godziny otwarcia Salonu \\u0141azienek w okresie \\u015bwi\\u0105teczno - noworocznym - Salon \\u0141azienek BOZ S.A.\",\"isPartOf\":{\"@id\":\"https:\/\/www.boz.pl\/salon-lazienek\/#website\"},\"primaryImageOfPage\":{\"@id\":\"https:\/\/www.boz.pl\/salon-lazienek\/godziny-otwarcia-salonu-lazienek-w-okresie-swiateczno-noworocznym\/#primaryimage\"},\"datePublished\":\"2025-12-22T10:01:06+00:00\",\"dateModified\":\"2025-12-22T12:08:10+00:00\",\"author\":{\"@id\":\"https:\/\/www.boz.pl\/salon-lazienek\/#\/schema\/person\/e47fa5418a728c77e15c5763d63d66aa\"},\"inLanguage\":\"pl-PL\",\"potentialAction\":[{\"@type\":\"ReadAction\",\"target\":[\"https:\/\/www.boz.pl\/salon-lazienek\/godziny-otwarcia-salonu-lazienek-w-okresie-swiateczno-noworocznym\/\"]}]},{\"@type\":[\"Person\"],\"@id\":\"https:\/\/www.boz.pl\/salon-lazienek\/#\/schema\/person\/e47fa5418a728c77e15c5763d63d66aa\",\"name\":\"agata\",\"image\":{\"@type\":\"ImageObject\",\"@id\":\"https:\/\/www.boz.pl\/salon-lazienek\/#personlogo\",\"inLanguage\":\"pl-PL\",\"url\":\"https:\/\/secure.gravatar.com\/avatar\/61ae062c53f0b37a5f2c668bb25a89bb?s=96&d=mm&r=g\",\"caption\":\"agata\"}}]}<\/script>\n<!-- \/ Yoast SEO plugin. -->","_links":{"self":[{"href":"https:\/\/www.boz.pl\/salon-lazienek\/wp-json\/wp\/v2\/posts\/3362"}],"collection":[{"href":"https:\/\/www.boz.pl\/salon-lazienek\/wp-json\/wp\/v2\/posts"}],"about":[{"href":"https:\/\/www.boz.pl\/salon-lazienek\/wp-json\/wp\/v2\/types\/post"}],"author":[{"embeddable":true,"href":"https:\/\/www.boz.pl\/salon-lazienek\/wp-json\/wp\/v2\/users\/7"}],"replies":[{"embeddable":true,"href":"https:\/\/www.boz.pl\/salon-lazienek\/wp-json\/wp\/v2\/comments?post=3362"}],"version-history":[{"count":4,"href":"https:\/\/www.boz.pl\/salon-lazienek\/wp-json\/wp\/v2\/posts\/3362\/revisions"}],"predecessor-version":[{"id":4153,"href":"https:\/\/www.boz.pl\/salon-lazienek\/wp-json\/wp\/v2\/posts\/3362\/revisions\/4153"}],"wp:attachment":[{"href":"https:\/\/www.boz.pl\/salon-lazienek\/wp-json\/wp\/v2\/media?parent=3362"}],"wp:term":[{"taxonomy":"category","embeddable":true,"href":"https:\/\/www.boz.pl\/salon-lazienek\/wp-json\/wp\/v2\/categories?post=3362"},{"taxonomy":"post_tag","embeddable":true,"href":"https:\/\/www.boz.pl\/salon-lazienek\/wp-json\/wp\/v2\/tags?post=3362"}],"curies":[{"name":"wp","href":"https:\/\/api.w.org\/{rel}","templated":true}]}}