{"id":2600,"date":"2023-10-24T16:06:36","date_gmt":"2023-10-24T14:06:36","guid":{"rendered":"https:\/\/www.boz.pl\/salon-lazienek\/?p=2600"},"modified":"2023-11-24T16:31:43","modified_gmt":"2023-11-24T15:31:43","slug":"otwarcie-strefy-emporia","status":"publish","type":"post","link":"https:\/\/www.boz.pl\/salon-lazienek\/otwarcie-strefy-emporia\/","title":{"rendered":"Otwarcie strefy Emporia"},"content":{"rendered":"<p>Nasz Salon \u0141azienek zmienia si\u0119 nieustannie aby pokaza\u0107 nowo\u015bci i u\u0142atwi\u0107 podejmowanie decyzji naszym Klientom. Pa\u017adziernik to miesi\u0105c, w kt\u00f3rym otworzyli\u015bmy stref\u0119 Emporia. By\u0142a to okazja do spotkania z Architektami i zaprezentowania nowych produkt\u00f3w marki, kolor\u00f3w i modeli baterii, a tak\u017ce porozmawia\u0107 o trendach panuj\u0105cych w wyposa\u017ceniu wn\u0119trz, a tak\u017ce o oczekiwaniach Klient\u00f3w\u2026<\/p>\n<p>Mo\u017cliwo\u015b\u0107 zobaczenia produktu na \u017cywo, dotkni\u0119cie go czy sprawdzenie koloru na \u017cywo \u2013 wszystko to mo\u017cliwe jest z Salonie \u0141azienek BOZ, Geodet\u00f3w 4, Rzesz\u00f3w.<\/p>\n<p>Zapraszamy<\/p>\n\r\n            <style type='text\/css'>\r\n                #gallery-1 {\r\n                    margin: auto;\r\n                }\r\n                #gallery-1 .gallery-item {\r\n                    float: left;\r\n                    margin-top: 10px;\r\n                    text-align: center;\r\n                    width: 25%;\r\n                }\r\n                #gallery-1 img {\r\n                    border: 2px solid #cfcfcf;\r\n                }\r\n                #gallery-1 .gallery-caption {\r\n                    margin-left: 0;\r\n                }\r\n                \r\n                \r\n                \r\n                \/* see gallery_shortcode() in wp-includes\/media.php *\/\r\n            <\/style>\n\t\t<div id='gallery-1' class='ut-wp-gallery-lightbox-on gallery galleryid-2600 gallery-columns-4 gallery-size-thumbnail'><dl class='gallery-item gallery-item-with-lightbox'>\r\n                <dt class='gallery-icon portrait'>\r\n                    <a data-exthumbimage=\"https:\/\/www.boz.pl\/salon-lazienek\/wp-content\/uploads\/sites\/2\/2023\/11\/otwarcie-strefy-emporia-2-200x200.jpg\" href='https:\/\/www.boz.pl\/salon-lazienek\/wp-content\/uploads\/sites\/2\/2023\/11\/otwarcie-strefy-emporia-2.jpg'><img loading=\"lazy\" decoding=\"async\" width=\"325\" height=\"217\" src=\"https:\/\/www.boz.pl\/salon-lazienek\/wp-content\/uploads\/sites\/2\/2023\/11\/otwarcie-strefy-emporia-2-325x217.jpg\" class=\"attachment-thumbnail size-thumbnail\" alt=\"\" srcset=\"https:\/\/www.boz.pl\/salon-lazienek\/wp-content\/uploads\/sites\/2\/2023\/11\/otwarcie-strefy-emporia-2-325x217.jpg 325w, https:\/\/www.boz.pl\/salon-lazienek\/wp-content\/uploads\/sites\/2\/2023\/11\/otwarcie-strefy-emporia-2-650x433.jpg 650w\" sizes=\"(max-width: 325px) 100vw, 325px\" \/><\/a>\r\n                <\/dt><\/dl><dl class='gallery-item gallery-item-with-lightbox'>\r\n                <dt class='gallery-icon portrait'>\r\n                    <a data-exthumbimage=\"https:\/\/www.boz.pl\/salon-lazienek\/wp-content\/uploads\/sites\/2\/2023\/11\/otwarcie-strefy-emporia-3-200x200.jpg\" href='https:\/\/www.boz.pl\/salon-lazienek\/wp-content\/uploads\/sites\/2\/2023\/11\/otwarcie-strefy-emporia-3.jpg'><img loading=\"lazy\" decoding=\"async\" width=\"325\" height=\"217\" src=\"https:\/\/www.boz.pl\/salon-lazienek\/wp-content\/uploads\/sites\/2\/2023\/11\/otwarcie-strefy-emporia-3-325x217.jpg\" class=\"attachment-thumbnail size-thumbnail\" alt=\"\" srcset=\"https:\/\/www.boz.pl\/salon-lazienek\/wp-content\/uploads\/sites\/2\/2023\/11\/otwarcie-strefy-emporia-3-325x217.jpg 325w, https:\/\/www.boz.pl\/salon-lazienek\/wp-content\/uploads\/sites\/2\/2023\/11\/otwarcie-strefy-emporia-3-650x433.jpg 650w\" sizes=\"(max-width: 325px) 100vw, 325px\" \/><\/a>\r\n                <\/dt><\/dl><dl class='gallery-item gallery-item-with-lightbox'>\r\n                <dt class='gallery-icon portrait'>\r\n                    <a data-exthumbimage=\"https:\/\/www.boz.pl\/salon-lazienek\/wp-content\/uploads\/sites\/2\/2023\/11\/otwarcie-strefy-emporia-4-200x200.jpg\" href='https:\/\/www.boz.pl\/salon-lazienek\/wp-content\/uploads\/sites\/2\/2023\/11\/otwarcie-strefy-emporia-4.jpg'><img loading=\"lazy\" decoding=\"async\" width=\"325\" height=\"217\" src=\"https:\/\/www.boz.pl\/salon-lazienek\/wp-content\/uploads\/sites\/2\/2023\/11\/otwarcie-strefy-emporia-4-325x217.jpg\" class=\"attachment-thumbnail size-thumbnail\" alt=\"\" srcset=\"https:\/\/www.boz.pl\/salon-lazienek\/wp-content\/uploads\/sites\/2\/2023\/11\/otwarcie-strefy-emporia-4-325x217.jpg 325w, https:\/\/www.boz.pl\/salon-lazienek\/wp-content\/uploads\/sites\/2\/2023\/11\/otwarcie-strefy-emporia-4-650x433.jpg 650w\" sizes=\"(max-width: 325px) 100vw, 325px\" \/><\/a>\r\n                <\/dt><\/dl><dl class='gallery-item gallery-item-with-lightbox'>\r\n                <dt class='gallery-icon landscape'>\r\n                    <a data-exthumbimage=\"https:\/\/www.boz.pl\/salon-lazienek\/wp-content\/uploads\/sites\/2\/2023\/11\/otwarcie-strefy-emporia-5-200x200.jpg\" href='https:\/\/www.boz.pl\/salon-lazienek\/wp-content\/uploads\/sites\/2\/2023\/11\/otwarcie-strefy-emporia-5.jpg'><img loading=\"lazy\" decoding=\"async\" width=\"325\" height=\"217\" src=\"https:\/\/www.boz.pl\/salon-lazienek\/wp-content\/uploads\/sites\/2\/2023\/11\/otwarcie-strefy-emporia-5-325x217.jpg\" class=\"attachment-thumbnail size-thumbnail\" alt=\"\" srcset=\"https:\/\/www.boz.pl\/salon-lazienek\/wp-content\/uploads\/sites\/2\/2023\/11\/otwarcie-strefy-emporia-5-325x217.jpg 325w, https:\/\/www.boz.pl\/salon-lazienek\/wp-content\/uploads\/sites\/2\/2023\/11\/otwarcie-strefy-emporia-5-650x433.jpg 650w\" sizes=\"(max-width: 325px) 100vw, 325px\" \/><\/a>\r\n                <\/dt><\/dl><br style=\"clear: both\" \/><dl class='gallery-item gallery-item-with-lightbox'>\r\n                <dt class='gallery-icon landscape'>\r\n                    <a data-exthumbimage=\"https:\/\/www.boz.pl\/salon-lazienek\/wp-content\/uploads\/sites\/2\/2023\/11\/otwarcie-strefy-emporia-6-200x200.jpg\" href='https:\/\/www.boz.pl\/salon-lazienek\/wp-content\/uploads\/sites\/2\/2023\/11\/otwarcie-strefy-emporia-6.jpg'><img loading=\"lazy\" decoding=\"async\" width=\"325\" height=\"217\" src=\"https:\/\/www.boz.pl\/salon-lazienek\/wp-content\/uploads\/sites\/2\/2023\/11\/otwarcie-strefy-emporia-6-325x217.jpg\" class=\"attachment-thumbnail size-thumbnail\" alt=\"\" srcset=\"https:\/\/www.boz.pl\/salon-lazienek\/wp-content\/uploads\/sites\/2\/2023\/11\/otwarcie-strefy-emporia-6-325x217.jpg 325w, https:\/\/www.boz.pl\/salon-lazienek\/wp-content\/uploads\/sites\/2\/2023\/11\/otwarcie-strefy-emporia-6-650x433.jpg 650w\" sizes=\"(max-width: 325px) 100vw, 325px\" \/><\/a>\r\n                <\/dt><\/dl><dl class='gallery-item gallery-item-with-lightbox'>\r\n                <dt class='gallery-icon landscape'>\r\n                    <a data-exthumbimage=\"https:\/\/www.boz.pl\/salon-lazienek\/wp-content\/uploads\/sites\/2\/2023\/11\/otwarcie-strefy-emporia-7-200x200.jpg\" href='https:\/\/www.boz.pl\/salon-lazienek\/wp-content\/uploads\/sites\/2\/2023\/11\/otwarcie-strefy-emporia-7.jpg'><img loading=\"lazy\" decoding=\"async\" width=\"325\" height=\"217\" src=\"https:\/\/www.boz.pl\/salon-lazienek\/wp-content\/uploads\/sites\/2\/2023\/11\/otwarcie-strefy-emporia-7-325x217.jpg\" class=\"attachment-thumbnail size-thumbnail\" alt=\"\" srcset=\"https:\/\/www.boz.pl\/salon-lazienek\/wp-content\/uploads\/sites\/2\/2023\/11\/otwarcie-strefy-emporia-7-325x217.jpg 325w, https:\/\/www.boz.pl\/salon-lazienek\/wp-content\/uploads\/sites\/2\/2023\/11\/otwarcie-strefy-emporia-7-650x433.jpg 650w\" sizes=\"(max-width: 325px) 100vw, 325px\" \/><\/a>\r\n                <\/dt><\/dl><dl class='gallery-item gallery-item-with-lightbox'>\r\n                <dt class='gallery-icon portrait'>\r\n                    <a data-exthumbimage=\"https:\/\/www.boz.pl\/salon-lazienek\/wp-content\/uploads\/sites\/2\/2023\/11\/otwarcie-strefy-emporia-200x200.jpg\" href='https:\/\/www.boz.pl\/salon-lazienek\/wp-content\/uploads\/sites\/2\/2023\/11\/otwarcie-strefy-emporia.jpg'><img loading=\"lazy\" decoding=\"async\" width=\"325\" height=\"217\" src=\"https:\/\/www.boz.pl\/salon-lazienek\/wp-content\/uploads\/sites\/2\/2023\/11\/otwarcie-strefy-emporia-325x217.jpg\" class=\"attachment-thumbnail size-thumbnail\" alt=\"\" srcset=\"https:\/\/www.boz.pl\/salon-lazienek\/wp-content\/uploads\/sites\/2\/2023\/11\/otwarcie-strefy-emporia-325x217.jpg 325w, https:\/\/www.boz.pl\/salon-lazienek\/wp-content\/uploads\/sites\/2\/2023\/11\/otwarcie-strefy-emporia-650x433.jpg 650w\" sizes=\"(max-width: 325px) 100vw, 325px\" \/><\/a>\r\n                <\/dt><\/dl><dl class='gallery-item gallery-item-with-lightbox'>\r\n                <dt class='gallery-icon landscape'>\r\n                    <a data-exthumbimage=\"https:\/\/www.boz.pl\/salon-lazienek\/wp-content\/uploads\/sites\/2\/2023\/11\/strefa-emporia-BOZ-2-200x200.jpg\" href='https:\/\/www.boz.pl\/salon-lazienek\/wp-content\/uploads\/sites\/2\/2023\/11\/strefa-emporia-BOZ-2.jpg'><img loading=\"lazy\" decoding=\"async\" width=\"325\" height=\"217\" src=\"https:\/\/www.boz.pl\/salon-lazienek\/wp-content\/uploads\/sites\/2\/2023\/11\/strefa-emporia-BOZ-2-325x217.jpg\" class=\"attachment-thumbnail size-thumbnail\" alt=\"\" srcset=\"https:\/\/www.boz.pl\/salon-lazienek\/wp-content\/uploads\/sites\/2\/2023\/11\/strefa-emporia-BOZ-2-325x217.jpg 325w, https:\/\/www.boz.pl\/salon-lazienek\/wp-content\/uploads\/sites\/2\/2023\/11\/strefa-emporia-BOZ-2-650x433.jpg 650w, https:\/\/www.boz.pl\/salon-lazienek\/wp-content\/uploads\/sites\/2\/2023\/11\/strefa-emporia-BOZ-2-1300x867.jpg 1300w\" sizes=\"(max-width: 325px) 100vw, 325px\" \/><\/a>\r\n                <\/dt><\/dl><br style=\"clear: both\" \/><dl class='gallery-item gallery-item-with-lightbox'>\r\n                <dt class='gallery-icon portrait'>\r\n                    <a data-exthumbimage=\"https:\/\/www.boz.pl\/salon-lazienek\/wp-content\/uploads\/sites\/2\/2023\/11\/strefa-emporia-BOZ-3-200x200.jpg\" href='https:\/\/www.boz.pl\/salon-lazienek\/wp-content\/uploads\/sites\/2\/2023\/11\/strefa-emporia-BOZ-3.jpg'><img loading=\"lazy\" decoding=\"async\" width=\"325\" height=\"217\" src=\"https:\/\/www.boz.pl\/salon-lazienek\/wp-content\/uploads\/sites\/2\/2023\/11\/strefa-emporia-BOZ-3-325x217.jpg\" class=\"attachment-thumbnail size-thumbnail\" alt=\"\" srcset=\"https:\/\/www.boz.pl\/salon-lazienek\/wp-content\/uploads\/sites\/2\/2023\/11\/strefa-emporia-BOZ-3-325x217.jpg 325w, https:\/\/www.boz.pl\/salon-lazienek\/wp-content\/uploads\/sites\/2\/2023\/11\/strefa-emporia-BOZ-3-650x433.jpg 650w\" sizes=\"(max-width: 325px) 100vw, 325px\" \/><\/a>\r\n                <\/dt><\/dl><dl class='gallery-item gallery-item-with-lightbox'>\r\n                <dt class='gallery-icon portrait'>\r\n                    <a data-exthumbimage=\"https:\/\/www.boz.pl\/salon-lazienek\/wp-content\/uploads\/sites\/2\/2023\/11\/strefa-emporia-BOZ-4-200x200.jpg\" href='https:\/\/www.boz.pl\/salon-lazienek\/wp-content\/uploads\/sites\/2\/2023\/11\/strefa-emporia-BOZ-4.jpg'><img loading=\"lazy\" decoding=\"async\" width=\"325\" height=\"217\" src=\"https:\/\/www.boz.pl\/salon-lazienek\/wp-content\/uploads\/sites\/2\/2023\/11\/strefa-emporia-BOZ-4-325x217.jpg\" class=\"attachment-thumbnail size-thumbnail\" alt=\"\" srcset=\"https:\/\/www.boz.pl\/salon-lazienek\/wp-content\/uploads\/sites\/2\/2023\/11\/strefa-emporia-BOZ-4-325x217.jpg 325w, https:\/\/www.boz.pl\/salon-lazienek\/wp-content\/uploads\/sites\/2\/2023\/11\/strefa-emporia-BOZ-4-650x433.jpg 650w\" sizes=\"(max-width: 325px) 100vw, 325px\" \/><\/a>\r\n                <\/dt><\/dl><dl class='gallery-item gallery-item-with-lightbox'>\r\n                <dt class='gallery-icon portrait'>\r\n                    <a data-exthumbimage=\"https:\/\/www.boz.pl\/salon-lazienek\/wp-content\/uploads\/sites\/2\/2023\/11\/strefa-emporia-BOZ-5-200x200.jpg\" href='https:\/\/www.boz.pl\/salon-lazienek\/wp-content\/uploads\/sites\/2\/2023\/11\/strefa-emporia-BOZ-5.jpg'><img loading=\"lazy\" decoding=\"async\" width=\"325\" height=\"217\" src=\"https:\/\/www.boz.pl\/salon-lazienek\/wp-content\/uploads\/sites\/2\/2023\/11\/strefa-emporia-BOZ-5-325x217.jpg\" class=\"attachment-thumbnail size-thumbnail\" alt=\"\" srcset=\"https:\/\/www.boz.pl\/salon-lazienek\/wp-content\/uploads\/sites\/2\/2023\/11\/strefa-emporia-BOZ-5-325x217.jpg 325w, https:\/\/www.boz.pl\/salon-lazienek\/wp-content\/uploads\/sites\/2\/2023\/11\/strefa-emporia-BOZ-5-650x433.jpg 650w, https:\/\/www.boz.pl\/salon-lazienek\/wp-content\/uploads\/sites\/2\/2023\/11\/strefa-emporia-BOZ-5-1300x867.jpg 1300w\" sizes=\"(max-width: 325px) 100vw, 325px\" \/><\/a>\r\n                <\/dt><\/dl><dl class='gallery-item gallery-item-with-lightbox'>\r\n                <dt class='gallery-icon landscape'>\r\n                    <a data-exthumbimage=\"https:\/\/www.boz.pl\/salon-lazienek\/wp-content\/uploads\/sites\/2\/2023\/11\/strefa-emporia-BOZ-6-200x200.jpg\" href='https:\/\/www.boz.pl\/salon-lazienek\/wp-content\/uploads\/sites\/2\/2023\/11\/strefa-emporia-BOZ-6.jpg'><img loading=\"lazy\" decoding=\"async\" width=\"325\" height=\"217\" src=\"https:\/\/www.boz.pl\/salon-lazienek\/wp-content\/uploads\/sites\/2\/2023\/11\/strefa-emporia-BOZ-6-325x217.jpg\" class=\"attachment-thumbnail size-thumbnail\" alt=\"\" srcset=\"https:\/\/www.boz.pl\/salon-lazienek\/wp-content\/uploads\/sites\/2\/2023\/11\/strefa-emporia-BOZ-6-325x217.jpg 325w, https:\/\/www.boz.pl\/salon-lazienek\/wp-content\/uploads\/sites\/2\/2023\/11\/strefa-emporia-BOZ-6-650x433.jpg 650w, https:\/\/www.boz.pl\/salon-lazienek\/wp-content\/uploads\/sites\/2\/2023\/11\/strefa-emporia-BOZ-6-1300x867.jpg 1300w\" sizes=\"(max-width: 325px) 100vw, 325px\" \/><\/a>\r\n                <\/dt><\/dl><br style=\"clear: both\" \/><dl class='gallery-item gallery-item-with-lightbox'>\r\n                <dt class='gallery-icon portrait'>\r\n                    <a data-exthumbimage=\"https:\/\/www.boz.pl\/salon-lazienek\/wp-content\/uploads\/sites\/2\/2023\/11\/strefa-emporia-BOZ-7-200x200.jpg\" href='https:\/\/www.boz.pl\/salon-lazienek\/wp-content\/uploads\/sites\/2\/2023\/11\/strefa-emporia-BOZ-7.jpg'><img loading=\"lazy\" decoding=\"async\" width=\"325\" height=\"217\" src=\"https:\/\/www.boz.pl\/salon-lazienek\/wp-content\/uploads\/sites\/2\/2023\/11\/strefa-emporia-BOZ-7-325x217.jpg\" class=\"attachment-thumbnail size-thumbnail\" alt=\"\" srcset=\"https:\/\/www.boz.pl\/salon-lazienek\/wp-content\/uploads\/sites\/2\/2023\/11\/strefa-emporia-BOZ-7-325x217.jpg 325w, https:\/\/www.boz.pl\/salon-lazienek\/wp-content\/uploads\/sites\/2\/2023\/11\/strefa-emporia-BOZ-7-650x433.jpg 650w, https:\/\/www.boz.pl\/salon-lazienek\/wp-content\/uploads\/sites\/2\/2023\/11\/strefa-emporia-BOZ-7-1300x867.jpg 1300w\" sizes=\"(max-width: 325px) 100vw, 325px\" \/><\/a>\r\n                <\/dt><\/dl><dl class='gallery-item gallery-item-with-lightbox'>\r\n                <dt class='gallery-icon landscape'>\r\n                    <a data-exthumbimage=\"https:\/\/www.boz.pl\/salon-lazienek\/wp-content\/uploads\/sites\/2\/2023\/11\/strefa-emporia-BOZ-8-200x200.jpg\" href='https:\/\/www.boz.pl\/salon-lazienek\/wp-content\/uploads\/sites\/2\/2023\/11\/strefa-emporia-BOZ-8.jpg'><img loading=\"lazy\" decoding=\"async\" width=\"325\" height=\"217\" src=\"https:\/\/www.boz.pl\/salon-lazienek\/wp-content\/uploads\/sites\/2\/2023\/11\/strefa-emporia-BOZ-8-325x217.jpg\" class=\"attachment-thumbnail size-thumbnail\" alt=\"\" srcset=\"https:\/\/www.boz.pl\/salon-lazienek\/wp-content\/uploads\/sites\/2\/2023\/11\/strefa-emporia-BOZ-8-325x217.jpg 325w, https:\/\/www.boz.pl\/salon-lazienek\/wp-content\/uploads\/sites\/2\/2023\/11\/strefa-emporia-BOZ-8-650x433.jpg 650w, https:\/\/www.boz.pl\/salon-lazienek\/wp-content\/uploads\/sites\/2\/2023\/11\/strefa-emporia-BOZ-8-1300x867.jpg 1300w\" sizes=\"(max-width: 325px) 100vw, 325px\" \/><\/a>\r\n                <\/dt><\/dl><dl class='gallery-item gallery-item-with-lightbox'>\r\n                <dt class='gallery-icon landscape'>\r\n                    <a data-exthumbimage=\"https:\/\/www.boz.pl\/salon-lazienek\/wp-content\/uploads\/sites\/2\/2023\/11\/strefa-emporia-BOZ-9-200x200.jpg\" href='https:\/\/www.boz.pl\/salon-lazienek\/wp-content\/uploads\/sites\/2\/2023\/11\/strefa-emporia-BOZ-9.jpg'><img loading=\"lazy\" decoding=\"async\" width=\"325\" height=\"217\" src=\"https:\/\/www.boz.pl\/salon-lazienek\/wp-content\/uploads\/sites\/2\/2023\/11\/strefa-emporia-BOZ-9-325x217.jpg\" class=\"attachment-thumbnail size-thumbnail\" alt=\"\" srcset=\"https:\/\/www.boz.pl\/salon-lazienek\/wp-content\/uploads\/sites\/2\/2023\/11\/strefa-emporia-BOZ-9-325x217.jpg 325w, https:\/\/www.boz.pl\/salon-lazienek\/wp-content\/uploads\/sites\/2\/2023\/11\/strefa-emporia-BOZ-9-650x433.jpg 650w, https:\/\/www.boz.pl\/salon-lazienek\/wp-content\/uploads\/sites\/2\/2023\/11\/strefa-emporia-BOZ-9-1300x867.jpg 1300w\" sizes=\"(max-width: 325px) 100vw, 325px\" \/><\/a>\r\n                <\/dt><\/dl><dl class='gallery-item gallery-item-with-lightbox'>\r\n                <dt class='gallery-icon portrait'>\r\n                    <a data-exthumbimage=\"https:\/\/www.boz.pl\/salon-lazienek\/wp-content\/uploads\/sites\/2\/2023\/11\/strefa-emporia-BOZ-200x200.jpg\" href='https:\/\/www.boz.pl\/salon-lazienek\/wp-content\/uploads\/sites\/2\/2023\/11\/strefa-emporia-BOZ.jpg'><img loading=\"lazy\" decoding=\"async\" width=\"325\" height=\"217\" src=\"https:\/\/www.boz.pl\/salon-lazienek\/wp-content\/uploads\/sites\/2\/2023\/11\/strefa-emporia-BOZ-325x217.jpg\" class=\"attachment-thumbnail size-thumbnail\" alt=\"\" srcset=\"https:\/\/www.boz.pl\/salon-lazienek\/wp-content\/uploads\/sites\/2\/2023\/11\/strefa-emporia-BOZ-325x217.jpg 325w, https:\/\/www.boz.pl\/salon-lazienek\/wp-content\/uploads\/sites\/2\/2023\/11\/strefa-emporia-BOZ-650x433.jpg 650w\" sizes=\"(max-width: 325px) 100vw, 325px\" \/><\/a>\r\n                <\/dt><\/dl><br style=\"clear: both\" \/><\/div>\n\n","protected":false},"excerpt":{"rendered":"<p>Nasz Salon \u0141azienek zmienia si\u0119 nieustannie aby pokaza\u0107 nowo\u015bci i u\u0142atwi\u0107 podejmowanie decyzji naszym Klientom. Pa\u017adziernik to miesi\u0105c, w kt\u00f3rym otworzyli\u015bmy stref\u0119 Emporia. By\u0142a to okazja do spotkania z Architektami i zaprezentowania nowych produkt\u00f3w marki, kolor\u00f3w i modeli baterii, a tak\u017ce porozmawia\u0107 o trendach panuj\u0105cych w wyposa\u017ceniu wn\u0119trz, a tak\u017ce o oczekiwaniach Klient\u00f3w\u2026 Mo\u017cliwo\u015b\u0107 zobaczenia [&hellip;]<\/p>\n","protected":false},"author":7,"featured_media":2634,"comment_status":"closed","ping_status":"open","sticky":false,"template":"","format":"standard","meta":{"footnotes":""},"categories":[1],"tags":[],"class_list":["post-2600","post","type-post","status-publish","format-standard","has-post-thumbnail","hentry","category-aktualnosci"],"yoast_head":"<!-- This site is optimized with the Yoast SEO plugin v14.7 - https:\/\/yoast.com\/wordpress\/plugins\/seo\/ -->\n<title>Otwarcie strefy Emporia - Salon \u0141azienek BOZ S.A.<\/title>\n<meta name=\"robots\" content=\"index, follow\" \/>\n<meta name=\"googlebot\" content=\"index, follow, max-snippet:-1, max-image-preview:large, max-video-preview:-1\" \/>\n<meta name=\"bingbot\" content=\"index, follow, max-snippet:-1, max-image-preview:large, max-video-preview:-1\" \/>\n<link rel=\"canonical\" href=\"https:\/\/www.boz.pl\/salon-lazienek\/otwarcie-strefy-emporia\/\" \/>\n<meta property=\"og:locale\" content=\"pl_PL\" \/>\n<meta property=\"og:type\" content=\"article\" \/>\n<meta property=\"og:title\" content=\"Otwarcie strefy Emporia - Salon \u0141azienek BOZ S.A.\" \/>\n<meta property=\"og:description\" content=\"Nasz Salon \u0141azienek zmienia si\u0119 nieustannie aby pokaza\u0107 nowo\u015bci i u\u0142atwi\u0107 podejmowanie decyzji naszym Klientom. Pa\u017adziernik to miesi\u0105c, w kt\u00f3rym otworzyli\u015bmy stref\u0119 Emporia. By\u0142a to okazja do spotkania z Architektami i zaprezentowania nowych produkt\u00f3w marki, kolor\u00f3w i modeli baterii, a tak\u017ce porozmawia\u0107 o trendach panuj\u0105cych w wyposa\u017ceniu wn\u0119trz, a tak\u017ce o oczekiwaniach Klient\u00f3w\u2026 Mo\u017cliwo\u015b\u0107 zobaczenia [&hellip;]\" \/>\n<meta property=\"og:url\" content=\"https:\/\/www.boz.pl\/salon-lazienek\/otwarcie-strefy-emporia\/\" \/>\n<meta property=\"og:site_name\" content=\"Salon \u0141azienek BOZ S.A.\" \/>\n<meta property=\"article:published_time\" content=\"2023-10-24T14:06:36+00:00\" \/>\n<meta property=\"article:modified_time\" content=\"2023-11-24T15:31:43+00:00\" \/>\n<meta property=\"og:image\" content=\"https:\/\/www.boz.pl\/salon-lazienek\/wp-content\/uploads\/sites\/2\/2023\/11\/logo_emporia.jpg\" \/>\n\t<meta property=\"og:image:width\" content=\"1376\" \/>\n\t<meta property=\"og:image:height\" content=\"642\" \/>\n<meta name=\"twitter:card\" content=\"summary_large_image\" \/>\n<script type=\"application\/ld+json\" class=\"yoast-schema-graph\">{\"@context\":\"https:\/\/schema.org\",\"@graph\":[{\"@type\":\"WebSite\",\"@id\":\"https:\/\/www.boz.pl\/salon-lazienek\/#website\",\"url\":\"https:\/\/www.boz.pl\/salon-lazienek\/\",\"name\":\"Salon \\u0141azienek BOZ S.A.\",\"description\":\"Wyposa\\u017cenie \\u0142azienek\",\"potentialAction\":[{\"@type\":\"SearchAction\",\"target\":\"https:\/\/www.boz.pl\/salon-lazienek\/?s={search_term_string}\",\"query-input\":\"required name=search_term_string\"}],\"inLanguage\":\"pl-PL\"},{\"@type\":\"ImageObject\",\"@id\":\"https:\/\/www.boz.pl\/salon-lazienek\/otwarcie-strefy-emporia\/#primaryimage\",\"inLanguage\":\"pl-PL\",\"url\":\"https:\/\/www.boz.pl\/salon-lazienek\/wp-content\/uploads\/sites\/2\/2023\/11\/logo_emporia.jpg\",\"width\":1376,\"height\":642},{\"@type\":\"WebPage\",\"@id\":\"https:\/\/www.boz.pl\/salon-lazienek\/otwarcie-strefy-emporia\/#webpage\",\"url\":\"https:\/\/www.boz.pl\/salon-lazienek\/otwarcie-strefy-emporia\/\",\"name\":\"Otwarcie strefy Emporia - Salon \\u0141azienek BOZ S.A.\",\"isPartOf\":{\"@id\":\"https:\/\/www.boz.pl\/salon-lazienek\/#website\"},\"primaryImageOfPage\":{\"@id\":\"https:\/\/www.boz.pl\/salon-lazienek\/otwarcie-strefy-emporia\/#primaryimage\"},\"datePublished\":\"2023-10-24T14:06:36+00:00\",\"dateModified\":\"2023-11-24T15:31:43+00:00\",\"author\":{\"@id\":\"https:\/\/www.boz.pl\/salon-lazienek\/#\/schema\/person\/e47fa5418a728c77e15c5763d63d66aa\"},\"inLanguage\":\"pl-PL\",\"potentialAction\":[{\"@type\":\"ReadAction\",\"target\":[\"https:\/\/www.boz.pl\/salon-lazienek\/otwarcie-strefy-emporia\/\"]}]},{\"@type\":[\"Person\"],\"@id\":\"https:\/\/www.boz.pl\/salon-lazienek\/#\/schema\/person\/e47fa5418a728c77e15c5763d63d66aa\",\"name\":\"agata\",\"image\":{\"@type\":\"ImageObject\",\"@id\":\"https:\/\/www.boz.pl\/salon-lazienek\/#personlogo\",\"inLanguage\":\"pl-PL\",\"url\":\"https:\/\/secure.gravatar.com\/avatar\/61ae062c53f0b37a5f2c668bb25a89bb?s=96&d=mm&r=g\",\"caption\":\"agata\"}}]}<\/script>\n<!-- \/ Yoast SEO plugin. -->","_links":{"self":[{"href":"https:\/\/www.boz.pl\/salon-lazienek\/wp-json\/wp\/v2\/posts\/2600"}],"collection":[{"href":"https:\/\/www.boz.pl\/salon-lazienek\/wp-json\/wp\/v2\/posts"}],"about":[{"href":"https:\/\/www.boz.pl\/salon-lazienek\/wp-json\/wp\/v2\/types\/post"}],"author":[{"embeddable":true,"href":"https:\/\/www.boz.pl\/salon-lazienek\/wp-json\/wp\/v2\/users\/7"}],"replies":[{"embeddable":true,"href":"https:\/\/www.boz.pl\/salon-lazienek\/wp-json\/wp\/v2\/comments?post=2600"}],"version-history":[{"count":1,"href":"https:\/\/www.boz.pl\/salon-lazienek\/wp-json\/wp\/v2\/posts\/2600\/revisions"}],"predecessor-version":[{"id":2633,"href":"https:\/\/www.boz.pl\/salon-lazienek\/wp-json\/wp\/v2\/posts\/2600\/revisions\/2633"}],"wp:featuredmedia":[{"embeddable":true,"href":"https:\/\/www.boz.pl\/salon-lazienek\/wp-json\/wp\/v2\/media\/2634"}],"wp:attachment":[{"href":"https:\/\/www.boz.pl\/salon-lazienek\/wp-json\/wp\/v2\/media?parent=2600"}],"wp:term":[{"taxonomy":"category","embeddable":true,"href":"https:\/\/www.boz.pl\/salon-lazienek\/wp-json\/wp\/v2\/categories?post=2600"},{"taxonomy":"post_tag","embeddable":true,"href":"https:\/\/www.boz.pl\/salon-lazienek\/wp-json\/wp\/v2\/tags?post=2600"}],"curies":[{"name":"wp","href":"https:\/\/api.w.org\/{rel}","templated":true}]}}