{"id":1260,"date":"2021-08-10T14:02:02","date_gmt":"2021-08-10T12:02:02","guid":{"rendered":"https:\/\/www.boz.pl\/salon-lazienek\/?p=1260"},"modified":"2021-08-12T14:02:18","modified_gmt":"2021-08-12T12:02:18","slug":"joanna-jacukiewicz-z-wyroznieniem","status":"publish","type":"post","link":"https:\/\/www.boz.pl\/salon-lazienek\/joanna-jacukiewicz-z-wyroznieniem\/","title":{"rendered":"Joanna Jacukiewicz z wyr\u00f3\u017cnieniem"},"content":{"rendered":"<div>Niezmiernie mi\u0142o nam poinformowa\u0107, \u017ce nasza <b>Pracownica Joanna Jacukiewicz<\/b>, kt\u00f3ra na co dzie\u0144 przygotowuje dla naszych Klient\u00f3w wizualizacje i doradza w kwestii wyko\u0144czenia \u0142azienek, <b>zosta\u0142a nagrodzona wyr\u00f3\u017cnieniem za projekt przestrzeni publicznej Lubyczy.<\/b><\/div>\n<div><b>Bardzo si\u0119 cieszymy, \u017ce tak uzdolnione osoby s\u0105 cz\u0119\u015bci\u0105 naszego zespo\u0142u!\u00a0<\/b><\/div>\n<div><\/div>\n<div>Pracownicy Dzia\u0142u Projektowania \u0141azienek jak r\u00f3wnie\u017c Sprzeda\u017cy Salonu \u0141azienek ch\u0119tnie podziel\u0105 si\u0119 z Pa\u0144stwem swoj\u0105 wiedz\u0105 i do\u015bwiadczeniem w wyborze p\u0142ytek pod\u0142ogowych, \u015bciennych. Doradz\u0105, co lepiej sprawdzi si\u0119 w salonie, \u0142azience czy gara\u017cu. Doradz\u0105 jak\u0105 kabin\u0119 prysznicow\u0105 lub wann\u0119 wybra\u0107 i jaka armatura \u0142azienkowa b\u0119dzie nie tylko \u0142adna, ale r\u00f3wnie\u017c funkcjonalna.<\/div>\n<div>Prosimy r\u00f3wnie\u017c nie zapomina\u0107 o kuchni\u2026. W Salonie \u0141azienek posiadamy r\u00f3wnie\u017c bogat\u0105 ofert\u0119 baterii kuchennych, wykonane z r\u00f3\u017cnego rodzaju materia\u0142\u00f3w, do zastosowania na wyspie czy z wyjmowan\u0105 wylewk\u0105. W\u015br\u00f3d wyposa\u017cenia kuchni w Salonie \u0141azienek BOZ Rzesz\u00f3w i Tarn\u00f3w znajduj\u0105 si\u0119 r\u00f3wnie\u017c zlewozmywaki wszelkiego rodzaju.<\/div>\n<div><\/div>\n<div>Serdecznie zapraszamy, a poni\u017cej praca naszej Joanny, za kt\u00f3r\u0105 \u00a0S\u0105d Konkursowego postanowi\u0142 nagrodzi\u0107.<\/div>\n<div style=\"text-align: center\"><\/div>\n<div><img loading=\"lazy\" decoding=\"async\" class=\"alignnone wp-image-1264 size-full\" src=\"https:\/\/www.boz.pl\/salon-lazienek\/wp-content\/uploads\/sites\/2\/2021\/08\/plansza-1-scaled-e1628769219968.jpg\" alt=\"\" width=\"458\" height=\"640\" \/> <img loading=\"lazy\" decoding=\"async\" class=\"alignnone wp-image-1265 size-full\" src=\"https:\/\/www.boz.pl\/salon-lazienek\/wp-content\/uploads\/sites\/2\/2021\/08\/plansza-2-scaled-e1628769198422.jpg\" alt=\"\" width=\"458\" height=\"640\" \/><\/div>\n<div><\/div>\n<div><\/div>\n<div>\n\r\n            <style type='text\/css'>\r\n                #gallery-1 {\r\n                    margin: auto;\r\n                }\r\n                #gallery-1 .gallery-item {\r\n                    float: left;\r\n                    margin-top: 10px;\r\n                    text-align: center;\r\n                    width: 33%;\r\n                }\r\n                #gallery-1 img {\r\n                    border: 2px solid #cfcfcf;\r\n                }\r\n                #gallery-1 .gallery-caption {\r\n                    margin-left: 0;\r\n                }\r\n                \r\n                \r\n                \r\n                \/* see gallery_shortcode() in wp-includes\/media.php *\/\r\n            <\/style>\n\t\t<div id='gallery-1' class='ut-wp-gallery-lightbox-on gallery galleryid-1260 gallery-columns-3 gallery-size-thumbnail'><dl class='gallery-item '>\r\n                <dt class='gallery-icon landscape'>\r\n                    <a data-exthumbimage=\"https:\/\/www.boz.pl\/salon-lazienek\/wp-content\/uploads\/sites\/2\/2021\/08\/7-200x200.jpg\" href='https:\/\/www.boz.pl\/salon-lazienek\/wp-content\/uploads\/sites\/2\/2021\/08\/7-e1628769377922.jpg'><img loading=\"lazy\" decoding=\"async\" width=\"325\" height=\"217\" src=\"https:\/\/www.boz.pl\/salon-lazienek\/wp-content\/uploads\/sites\/2\/2021\/08\/7-325x217.jpg\" class=\"attachment-thumbnail size-thumbnail\" alt=\"\" srcset=\"https:\/\/www.boz.pl\/salon-lazienek\/wp-content\/uploads\/sites\/2\/2021\/08\/7-325x217.jpg 325w, https:\/\/www.boz.pl\/salon-lazienek\/wp-content\/uploads\/sites\/2\/2021\/08\/7-650x433.jpg 650w\" sizes=\"(max-width: 325px) 100vw, 325px\" \/><\/a>\r\n                <\/dt><\/dl><dl class='gallery-item '>\r\n                <dt class='gallery-icon landscape'>\r\n                    <a data-exthumbimage=\"https:\/\/www.boz.pl\/salon-lazienek\/wp-content\/uploads\/sites\/2\/2021\/08\/12-200x200.jpg\" href='https:\/\/www.boz.pl\/salon-lazienek\/wp-content\/uploads\/sites\/2\/2021\/08\/12-e1628769398922.jpg'><img loading=\"lazy\" decoding=\"async\" width=\"325\" height=\"217\" src=\"https:\/\/www.boz.pl\/salon-lazienek\/wp-content\/uploads\/sites\/2\/2021\/08\/12-325x217.jpg\" class=\"attachment-thumbnail size-thumbnail\" alt=\"\" srcset=\"https:\/\/www.boz.pl\/salon-lazienek\/wp-content\/uploads\/sites\/2\/2021\/08\/12-325x217.jpg 325w, https:\/\/www.boz.pl\/salon-lazienek\/wp-content\/uploads\/sites\/2\/2021\/08\/12-650x433.jpg 650w\" sizes=\"(max-width: 325px) 100vw, 325px\" \/><\/a>\r\n                <\/dt><\/dl><dl class='gallery-item '>\r\n                <dt class='gallery-icon landscape'>\r\n                    <a data-exthumbimage=\"https:\/\/www.boz.pl\/salon-lazienek\/wp-content\/uploads\/sites\/2\/2021\/08\/20-200x200.jpg\" href='https:\/\/www.boz.pl\/salon-lazienek\/wp-content\/uploads\/sites\/2\/2021\/08\/20-e1628769426877.jpg'><img loading=\"lazy\" decoding=\"async\" width=\"325\" height=\"217\" src=\"https:\/\/www.boz.pl\/salon-lazienek\/wp-content\/uploads\/sites\/2\/2021\/08\/20-325x217.jpg\" class=\"attachment-thumbnail size-thumbnail\" alt=\"\" srcset=\"https:\/\/www.boz.pl\/salon-lazienek\/wp-content\/uploads\/sites\/2\/2021\/08\/20-325x217.jpg 325w, https:\/\/www.boz.pl\/salon-lazienek\/wp-content\/uploads\/sites\/2\/2021\/08\/20-650x433.jpg 650w\" sizes=\"(max-width: 325px) 100vw, 325px\" \/><\/a>\r\n                <\/dt><\/dl><br style=\"clear: both\" \/><dl class='gallery-item '>\r\n                <dt class='gallery-icon landscape'>\r\n                    <a data-exthumbimage=\"https:\/\/www.boz.pl\/salon-lazienek\/wp-content\/uploads\/sites\/2\/2021\/08\/24-200x200.jpg\" href='https:\/\/www.boz.pl\/salon-lazienek\/wp-content\/uploads\/sites\/2\/2021\/08\/24-e1628769436171.jpg'><img loading=\"lazy\" decoding=\"async\" width=\"325\" height=\"217\" src=\"https:\/\/www.boz.pl\/salon-lazienek\/wp-content\/uploads\/sites\/2\/2021\/08\/24-325x217.jpg\" class=\"attachment-thumbnail size-thumbnail\" alt=\"\" srcset=\"https:\/\/www.boz.pl\/salon-lazienek\/wp-content\/uploads\/sites\/2\/2021\/08\/24-325x217.jpg 325w, https:\/\/www.boz.pl\/salon-lazienek\/wp-content\/uploads\/sites\/2\/2021\/08\/24-650x433.jpg 650w\" sizes=\"(max-width: 325px) 100vw, 325px\" \/><\/a>\r\n                <\/dt><\/dl><dl class='gallery-item '>\r\n                <dt class='gallery-icon landscape'>\r\n                    <a data-exthumbimage=\"https:\/\/www.boz.pl\/salon-lazienek\/wp-content\/uploads\/sites\/2\/2021\/08\/25-200x200.jpg\" href='https:\/\/www.boz.pl\/salon-lazienek\/wp-content\/uploads\/sites\/2\/2021\/08\/25-e1628769448472.jpg'><img loading=\"lazy\" decoding=\"async\" width=\"325\" height=\"217\" src=\"https:\/\/www.boz.pl\/salon-lazienek\/wp-content\/uploads\/sites\/2\/2021\/08\/25-325x217.jpg\" class=\"attachment-thumbnail size-thumbnail\" alt=\"\" srcset=\"https:\/\/www.boz.pl\/salon-lazienek\/wp-content\/uploads\/sites\/2\/2021\/08\/25-325x217.jpg 325w, https:\/\/www.boz.pl\/salon-lazienek\/wp-content\/uploads\/sites\/2\/2021\/08\/25-650x433.jpg 650w\" sizes=\"(max-width: 325px) 100vw, 325px\" \/><\/a>\r\n                <\/dt><\/dl><dl class='gallery-item '>\r\n                <dt class='gallery-icon landscape'>\r\n                    <a data-exthumbimage=\"https:\/\/www.boz.pl\/salon-lazienek\/wp-content\/uploads\/sites\/2\/2021\/08\/26-200x200.jpg\" href='https:\/\/www.boz.pl\/salon-lazienek\/wp-content\/uploads\/sites\/2\/2021\/08\/26-e1628769460126.jpg'><img loading=\"lazy\" decoding=\"async\" width=\"325\" height=\"217\" src=\"https:\/\/www.boz.pl\/salon-lazienek\/wp-content\/uploads\/sites\/2\/2021\/08\/26-325x217.jpg\" class=\"attachment-thumbnail size-thumbnail\" alt=\"\" srcset=\"https:\/\/www.boz.pl\/salon-lazienek\/wp-content\/uploads\/sites\/2\/2021\/08\/26-325x217.jpg 325w, https:\/\/www.boz.pl\/salon-lazienek\/wp-content\/uploads\/sites\/2\/2021\/08\/26-650x433.jpg 650w\" sizes=\"(max-width: 325px) 100vw, 325px\" \/><\/a>\r\n                <\/dt><\/dl><br style=\"clear: both\" \/><\/div>\n\n<\/div>\n","protected":false},"excerpt":{"rendered":"<p>Niezmiernie mi\u0142o nam poinformowa\u0107, \u017ce nasza Pracownica Joanna Jacukiewicz, kt\u00f3ra na co dzie\u0144 przygotowuje dla naszych Klient\u00f3w wizualizacje i doradza w kwestii wyko\u0144czenia \u0142azienek, zosta\u0142a nagrodzona wyr\u00f3\u017cnieniem za projekt przestrzeni publicznej Lubyczy. Bardzo si\u0119 cieszymy, \u017ce tak uzdolnione osoby s\u0105 cz\u0119\u015bci\u0105 naszego zespo\u0142u!\u00a0 Pracownicy Dzia\u0142u Projektowania \u0141azienek jak r\u00f3wnie\u017c Sprzeda\u017cy Salonu \u0141azienek ch\u0119tnie podziel\u0105 si\u0119 [&hellip;]<\/p>\n","protected":false},"author":7,"featured_media":1263,"comment_status":"closed","ping_status":"open","sticky":false,"template":"","format":"gallery","meta":{"footnotes":""},"categories":[1],"tags":[],"class_list":["post-1260","post","type-post","status-publish","format-gallery","has-post-thumbnail","hentry","category-aktualnosci","post_format-post-format-gallery"],"yoast_head":"<!-- This site is optimized with the Yoast SEO plugin v14.7 - https:\/\/yoast.com\/wordpress\/plugins\/seo\/ -->\n<title>Joanna Jacukiewicz z wyr\u00f3\u017cnieniem - Salon \u0141azienek BOZ S.A.<\/title>\n<meta name=\"robots\" content=\"index, follow\" \/>\n<meta name=\"googlebot\" content=\"index, follow, max-snippet:-1, max-image-preview:large, max-video-preview:-1\" \/>\n<meta name=\"bingbot\" content=\"index, follow, max-snippet:-1, max-image-preview:large, max-video-preview:-1\" \/>\n<link rel=\"canonical\" href=\"https:\/\/www.boz.pl\/salon-lazienek\/joanna-jacukiewicz-z-wyroznieniem\/\" \/>\n<meta property=\"og:locale\" content=\"pl_PL\" \/>\n<meta property=\"og:type\" content=\"article\" \/>\n<meta property=\"og:title\" content=\"Joanna Jacukiewicz z wyr\u00f3\u017cnieniem - Salon \u0141azienek BOZ S.A.\" \/>\n<meta property=\"og:description\" content=\"Niezmiernie mi\u0142o nam poinformowa\u0107, \u017ce nasza Pracownica Joanna Jacukiewicz, kt\u00f3ra na co dzie\u0144 przygotowuje dla naszych Klient\u00f3w wizualizacje i doradza w kwestii wyko\u0144czenia \u0142azienek, zosta\u0142a nagrodzona wyr\u00f3\u017cnieniem za projekt przestrzeni publicznej Lubyczy. Bardzo si\u0119 cieszymy, \u017ce tak uzdolnione osoby s\u0105 cz\u0119\u015bci\u0105 naszego zespo\u0142u!\u00a0 Pracownicy Dzia\u0142u Projektowania \u0141azienek jak r\u00f3wnie\u017c Sprzeda\u017cy Salonu \u0141azienek ch\u0119tnie podziel\u0105 si\u0119 [&hellip;]\" \/>\n<meta property=\"og:url\" content=\"https:\/\/www.boz.pl\/salon-lazienek\/joanna-jacukiewicz-z-wyroznieniem\/\" \/>\n<meta property=\"og:site_name\" content=\"Salon \u0141azienek BOZ S.A.\" \/>\n<meta property=\"article:published_time\" content=\"2021-08-10T12:02:02+00:00\" \/>\n<meta property=\"article:modified_time\" content=\"2021-08-12T12:02:18+00:00\" \/>\n<meta property=\"og:image\" content=\"https:\/\/www.boz.pl\/salon-lazienek\/wp-content\/uploads\/sites\/2\/2021\/08\/joanna.jpg\" \/>\n\t<meta property=\"og:image:width\" content=\"1324\" \/>\n\t<meta property=\"og:image:height\" content=\"786\" \/>\n<meta name=\"twitter:card\" content=\"summary_large_image\" \/>\n<script type=\"application\/ld+json\" class=\"yoast-schema-graph\">{\"@context\":\"https:\/\/schema.org\",\"@graph\":[{\"@type\":\"WebSite\",\"@id\":\"https:\/\/www.boz.pl\/salon-lazienek\/#website\",\"url\":\"https:\/\/www.boz.pl\/salon-lazienek\/\",\"name\":\"Salon \\u0141azienek BOZ S.A.\",\"description\":\"Wyposa\\u017cenie \\u0142azienek\",\"potentialAction\":[{\"@type\":\"SearchAction\",\"target\":\"https:\/\/www.boz.pl\/salon-lazienek\/?s={search_term_string}\",\"query-input\":\"required name=search_term_string\"}],\"inLanguage\":\"pl-PL\"},{\"@type\":\"ImageObject\",\"@id\":\"https:\/\/www.boz.pl\/salon-lazienek\/joanna-jacukiewicz-z-wyroznieniem\/#primaryimage\",\"inLanguage\":\"pl-PL\",\"url\":\"https:\/\/www.boz.pl\/salon-lazienek\/wp-content\/uploads\/sites\/2\/2021\/08\/joanna.jpg\",\"width\":1324,\"height\":786},{\"@type\":\"WebPage\",\"@id\":\"https:\/\/www.boz.pl\/salon-lazienek\/joanna-jacukiewicz-z-wyroznieniem\/#webpage\",\"url\":\"https:\/\/www.boz.pl\/salon-lazienek\/joanna-jacukiewicz-z-wyroznieniem\/\",\"name\":\"Joanna Jacukiewicz z wyr\\u00f3\\u017cnieniem - Salon \\u0141azienek BOZ S.A.\",\"isPartOf\":{\"@id\":\"https:\/\/www.boz.pl\/salon-lazienek\/#website\"},\"primaryImageOfPage\":{\"@id\":\"https:\/\/www.boz.pl\/salon-lazienek\/joanna-jacukiewicz-z-wyroznieniem\/#primaryimage\"},\"datePublished\":\"2021-08-10T12:02:02+00:00\",\"dateModified\":\"2021-08-12T12:02:18+00:00\",\"author\":{\"@id\":\"https:\/\/www.boz.pl\/salon-lazienek\/#\/schema\/person\/e47fa5418a728c77e15c5763d63d66aa\"},\"inLanguage\":\"pl-PL\",\"potentialAction\":[{\"@type\":\"ReadAction\",\"target\":[\"https:\/\/www.boz.pl\/salon-lazienek\/joanna-jacukiewicz-z-wyroznieniem\/\"]}]},{\"@type\":[\"Person\"],\"@id\":\"https:\/\/www.boz.pl\/salon-lazienek\/#\/schema\/person\/e47fa5418a728c77e15c5763d63d66aa\",\"name\":\"agata\",\"image\":{\"@type\":\"ImageObject\",\"@id\":\"https:\/\/www.boz.pl\/salon-lazienek\/#personlogo\",\"inLanguage\":\"pl-PL\",\"url\":\"https:\/\/secure.gravatar.com\/avatar\/61ae062c53f0b37a5f2c668bb25a89bb?s=96&d=mm&r=g\",\"caption\":\"agata\"}}]}<\/script>\n<!-- \/ Yoast SEO plugin. -->","_links":{"self":[{"href":"https:\/\/www.boz.pl\/salon-lazienek\/wp-json\/wp\/v2\/posts\/1260"}],"collection":[{"href":"https:\/\/www.boz.pl\/salon-lazienek\/wp-json\/wp\/v2\/posts"}],"about":[{"href":"https:\/\/www.boz.pl\/salon-lazienek\/wp-json\/wp\/v2\/types\/post"}],"author":[{"embeddable":true,"href":"https:\/\/www.boz.pl\/salon-lazienek\/wp-json\/wp\/v2\/users\/7"}],"replies":[{"embeddable":true,"href":"https:\/\/www.boz.pl\/salon-lazienek\/wp-json\/wp\/v2\/comments?post=1260"}],"version-history":[{"count":6,"href":"https:\/\/www.boz.pl\/salon-lazienek\/wp-json\/wp\/v2\/posts\/1260\/revisions"}],"predecessor-version":[{"id":1278,"href":"https:\/\/www.boz.pl\/salon-lazienek\/wp-json\/wp\/v2\/posts\/1260\/revisions\/1278"}],"wp:featuredmedia":[{"embeddable":true,"href":"https:\/\/www.boz.pl\/salon-lazienek\/wp-json\/wp\/v2\/media\/1263"}],"wp:attachment":[{"href":"https:\/\/www.boz.pl\/salon-lazienek\/wp-json\/wp\/v2\/media?parent=1260"}],"wp:term":[{"taxonomy":"category","embeddable":true,"href":"https:\/\/www.boz.pl\/salon-lazienek\/wp-json\/wp\/v2\/categories?post=1260"},{"taxonomy":"post_tag","embeddable":true,"href":"https:\/\/www.boz.pl\/salon-lazienek\/wp-json\/wp\/v2\/tags?post=1260"}],"curies":[{"name":"wp","href":"https:\/\/api.w.org\/{rel}","templated":true}]}}